{"id":13070,"date":"2018-07-28T09:00:57","date_gmt":"2018-07-28T09:00:57","guid":{"rendered":"http:\/\/flordiazimagen.com.ar\/v1\/?p=13070"},"modified":"2018-07-11T19:30:03","modified_gmt":"2018-07-11T19:30:03","slug":"como-debemos-vestirnos-para-ir-al-trabajo","status":"publish","type":"post","link":"https:\/\/flordiazimagen.com.ar\/v1\/2018\/07\/28\/como-debemos-vestirnos-para-ir-al-trabajo\/","title":{"rendered":"C\u00f3mo debemos vestir para ir al trabajo?"},"content":{"rendered":"<p>Dem\u00e1s est\u00e1 decir que nuestra imagen, es nuestra carta de presentaci\u00f3n, y m\u00e1s all\u00e1\u00a0de representarnos a nosotros mismos, tambi\u00e9n estar\u00e1 representando a la entidad en la cual estemos trabajando, y nos guste o no la forma en que nos presentemos jugar\u00e1 un papel fundamental para nuestro \u00e9xito laboral.<\/p>\n<p>Muchas personas le dan poca importancia a esta cuesti\u00f3n y lamentablemente\u00a0 perder\u00e1n un sin fin de\u00a0 oportunidades ya que no son vistas como posibles candidatos para\u00a0 ciertos puestos,\u00a0debido a\u00a0 que muestran una imagen con poca proyecci\u00f3n.<\/p>\n<p>Una frase de imagen que me gusta mucho usar en mis capacitaciones (pero aclaro, no es de mi autor\u00eda) es: \u201cViste para el puesto que quieras ocupar, y no para el que est\u00e1s ocupando, y seguramente lo lograr\u00e1s\u201d.<\/p>\n<p>Mi principal sugerencia consiste en poder\u00a0seleccionar cada noche el outfit que usaremos al d\u00eda siguiente de acuerdo a nuestra agenda, aunque para muchos esta tarea puede resultar desalentadora y hasta molesta.<\/p>\n<p>El guardarropas laboral debe cumplir con tres cuestiones b\u00e1sicas:<\/p>\n<ol>\n<li>Debe\u00a0hacer\u00a0que\u00a0nos\u00a0veamos\u00a0profesionales\u00a0y\u00a0nos\u00a0debe\u00a0dar\u00a0confianza\u00a0para\u00a0las\u00a0presentaciones,\u00a0encuentros\u00a0con\u00a0clientes,\u00a0y\u00a0charlas\u00a0con\u00a0los\u00a0jefes.<\/li>\n<li>Debe\u00a0ser\u00a0100%\u00a0confortable\u00a0y\u00a0funcional.\u00a0Debemos\u00a0concentrarnos\u00a0en\u00a0nuestro\u00a0trabajo\u00a0sin\u00a0tener\u00a0que\u00a0preocuparnos\u00a0por\u00a0tiras\u00a0que\u00a0se\u00a0caen\u00a0o\u00a0faldas\u00a0que\u00a0se\u00a0suben.<\/li>\n<li>Deber\u00e1\u00a0respetar\u00a0el\u00a0dress\u00a0code\u00a0de\u00a0la\u00a0compa\u00f1\u00eda\u00a0(expl\u00edcito\u00a0e\u00a0impl\u00edcito)\u00a0y\u00a0su\u00a0cultura,\u00a0pero\u00a0a la vez reflejar nuestro propio estilo personal.<\/li>\n<\/ol>\n<p>Para ayudarlos en estas cuestiones, les dar\u00e9 algunos tips, para que no les resulte tan engorroso y puedan lograr proyectar esa imagen que les permita crecer en el \u00e1mbito laboral.<\/p>\n<ol>\n<li>Vestir prendas de buena calidad nos har\u00e1 sentir mayor seguridad en nuestras prendas, y en nosotros mismos. Adem\u00e1s, al tratarse de prendas que usaremos con frecuencia, se mantendr\u00e1n en mejor estado por mayor tiempo y tendr\u00e1n una vida \u00fatil superior.<\/li>\n<li>Mantener un vestuario actualizado, para no vernos pasados de moda o anticuados.<\/li>\n<li>Cubrir cualquier tipo de tatuajes, principalmente si se trata de un trabajo dentro de un \u00e1mbito conservador.<\/li>\n<li>Ser coherentes y consistentes con el modo de vestir y mantener una l\u00ednea a diario (que no suceda que un d\u00eda nos veamos correctos y al d\u00eda siguiente desalineados).<\/li>\n<li>Tener en cuenta el lugar d\u00f3nde trabajamos y el <em>dress code<\/em> de la empresa. No es lo mismo trabajar en un \u00e1mbito creativo, que en uno m\u00e1s formal y conservador.<\/li>\n<li>Usar accesorios discretos, que no suenen ni distraigan.<\/li>\n<li>El color tambi\u00e9n hablar\u00e1 de nosotros y tendr\u00e1 un efecto psicol\u00f3gico en la percepci\u00f3n que tendr\u00e1n los dem\u00e1s sobre nosotros. Es importante adem\u00e1s ser consientes de los colores m\u00e1s beneficiosos para cada uno, adem\u00e1s de los m\u00e1s apropiados para el \u00e1mbito laboral.<\/li>\n<li>Aprender a vestir nuestra silueta correctamente para vernos bien.<\/li>\n<li>El cabello debe estar en condiciones de higiene y peinado.<\/li>\n<li>El aseo general siempre debe estar presente, y no me refiero solo al f\u00edsico, sino tambi\u00e9n al correcto aseo y condici\u00f3n de las prendas y del calzado.<\/li>\n<li>Si se sienten abrumados con estas cuestiones, lo ideal es consultar o tomar una capacitaci\u00f3n con un profesional de la imagen que est\u00e9 especializado en etiqueta laboral o profesional para recibir una ayuda m\u00e1s espec\u00edfica.<\/li>\n<\/ol>\n<p>Espero que estos tips les hayan servido de ayuda y puedan implementarlos como punto de partida. Que tengan una muy buena jornada.<\/p>\n<p>Los espero la pr\u00f3xima semana en una nueva nota del blog.<\/p>\n<p>Flor<\/p>\n","protected":false},"excerpt":{"rendered":"<p>Dem\u00e1s est\u00e1 decir que nuestra imagen, es nuestra carta de presentaci\u00f3n, y m\u00e1s all\u00e1\u00a0de representarnos a nosotros mismos, tambi\u00e9n estar\u00e1 representando a la entidad en la cual estemos trabajando, y nos guste o no la forma en que nos presentemos jugar\u00e1 un papel fundamental para nuestro \u00e9xito laboral. Muchas personas le dan poca importancia a [&hellip;]<\/p>\n","protected":false},"author":2,"featured_media":13074,"comment_status":"closed","ping_status":"closed","sticky":false,"template":"","format":"standard","meta":[],"categories":[61,59],"tags":[],"_links":{"self":[{"href":"https:\/\/flordiazimagen.com.ar\/v1\/wp-json\/wp\/v2\/posts\/13070"}],"collection":[{"href":"https:\/\/flordiazimagen.com.ar\/v1\/wp-json\/wp\/v2\/posts"}],"about":[{"href":"https:\/\/flordiazimagen.com.ar\/v1\/wp-json\/wp\/v2\/types\/post"}],"author":[{"embeddable":true,"href":"https:\/\/flordiazimagen.com.ar\/v1\/wp-json\/wp\/v2\/users\/2"}],"replies":[{"embeddable":true,"href":"https:\/\/flordiazimagen.com.ar\/v1\/wp-json\/wp\/v2\/comments?post=13070"}],"version-history":[{"count":6,"href":"https:\/\/flordiazimagen.com.ar\/v1\/wp-json\/wp\/v2\/posts\/13070\/revisions"}],"predecessor-version":[{"id":13082,"href":"https:\/\/flordiazimagen.com.ar\/v1\/wp-json\/wp\/v2\/posts\/13070\/revisions\/13082"}],"wp:featuredmedia":[{"embeddable":true,"href":"https:\/\/flordiazimagen.com.ar\/v1\/wp-json\/wp\/v2\/media\/13074"}],"wp:attachment":[{"href":"https:\/\/flordiazimagen.com.ar\/v1\/wp-json\/wp\/v2\/media?parent=13070"}],"wp:term":[{"taxonomy":"category","embeddable":true,"href":"https:\/\/flordiazimagen.com.ar\/v1\/wp-json\/wp\/v2\/categories?post=13070"},{"taxonomy":"post_tag","embeddable":true,"href":"https:\/\/flordiazimagen.com.ar\/v1\/wp-json\/wp\/v2\/tags?post=13070"}],"curies":[{"name":"wp","href":"https:\/\/api.w.org\/{rel}","templated":true}]}}