{"id":13129,"date":"2018-08-25T09:00:41","date_gmt":"2018-08-25T09:00:41","guid":{"rendered":"http:\/\/flordiazimagen.com.ar\/v1\/?p=13129"},"modified":"2018-08-16T15:37:20","modified_gmt":"2018-08-16T15:37:20","slug":"que-el-estilo-personal","status":"publish","type":"post","link":"https:\/\/flordiazimagen.com.ar\/v1\/2018\/08\/25\/que-el-estilo-personal\/","title":{"rendered":"\u00bfQu\u00e9 es el estilo personal?"},"content":{"rendered":"<p>Muchas veces, en mis talleres, cursos y asesor\u00edas, me plantean que no creen tener un estilo personal, y no hay nada m\u00e1s desacertado que eso, ya que todas tenemos un estilo personal, m\u00e1s desarrollado o menos, pero en alg\u00fan lugar est\u00e1, y hay que encontrarlo, reconocerlo y por supuesto potenciarlo o aggiornarlo para que sea realmente exitoso.<\/p>\n<p>Pero&#8230; \u00bfQu\u00e9 es el estilo realmente?<\/p>\n<p>Podemos definir al estilo como\u00a0 un conjunto de caracter\u00edsticas con las que una persona expresa su individualidad, identific\u00e1ndose con un sello propio y diferenci\u00e1ndose del resto.<\/p>\n<p>Ahora bien, veamos cu\u00e1les son esas caracter\u00edsticas distintivas:<\/p>\n<p>&nbsp;<\/p>\n<ol>\n<li><strong> Nuestros gustos personales<\/strong>(que pueden ser siempre los mismos o cambiar a trav\u00e9s del tiempo)<\/li>\n<li><strong> Nuestra figura, <\/strong>es una caracter\u00edstica que se va modificando a lo largo de la vida, por lo que ser\u00e1 un factor influyente en la selecci\u00f3n de las prendas m\u00e1s beneficiosas para cada uno.<\/li>\n<li><strong> El ambiente d\u00f3nde nos desenvolvemos: <\/strong>nuestro hogar, el lugar geogr\u00e1fico donde est\u00e9 emplazado, el clima, nuestra cultura, legados familiares, etc ser\u00e1n factores influyentes al momento de vestir. No ser\u00e1 lo mismo, vivir en una gran ciudad, que en medio del campo por ej.<\/li>\n<li><strong> Nuestra edad y madurez<\/strong> seguramente har\u00e1n cambiar nuestros gustos personales, y habr\u00e1 cuestiones que ya no ser\u00e1n negociables.<\/li>\n<li><strong> La Moda.\u00a0<\/strong>El desarrollo de nuestro propio estilo personal no es posible sin estar al tanto de las tendencias actuales de la moda.<\/li>\n<li><strong> Nuestro estado civil y familia.\u00a0<\/strong>(solteros\/casados\/ con hijos\/ edades\/ etc)\u00a0Todos estos aspectos afectan la forma en que nos vestimos.<\/li>\n<li><strong> Nuestra ocupaci\u00f3n.\u00a0<\/strong> No es lo mismo ser ama de casa, que ocupar un lugar importante dentro de una empresa, por lo que este tambi\u00e9n ser\u00e1 un factor determinante a la hora de plasmar nuestro propio estilo.<\/li>\n<li><strong> Actividades de tiempo libre\u00a0: <\/strong>Nuestros hobbies o actividades de tiempo libre tambi\u00e9n influir\u00e1n en el desarrollo de nuestro estilo personal. No ser\u00e1 igual para alguien que prefiera hacer salidas culturales, que para quien prefiera hacer actividades de tipo deportivas y al aire libre.<\/li>\n<\/ol>\n<p>&nbsp;<\/p>\n<p>Los consultores disponemos de herramientas para poder hacer m\u00e1s sencilla esta cuesti\u00f3n de descubrimiento y podemos detectar que aspectos requieren un ajuste para que puedan lucir \u00fanicos e irrepetibles.<\/p>\n<p>Las inspiraciones pueden ayudar, pero inspirarnos no es lo mismo que copiar.<\/p>\n<p>Una actividad muy buena y enriquecedora que suelo recomendar a mis clientes, es generar un \u201cmoodboard \u201c, es decir, plasmar en un papel o cartulina, mediante recortes de revistas, todo aquello que nos gusta y nos representa, lo que creemos que nos queda bien, nuestros colores favoritos, personajes que admiramos por sus looks y tambi\u00e9n aquello que nos gustar\u00eda incorporar y no nos animamos.<\/p>\n<p>De este modo, tendremos frente a nosotros un panorama m\u00e1s claro de d\u00f3nde estamos parados y hacia d\u00f3nde nos gustar\u00eda ir.<\/p>\n<p>Por supuesto que la mirada de un profesional, adem\u00e1s de agilizar esta tarea, permitir\u00eda tener una visi\u00f3n m\u00e1s amplia, ya que muchas veces solemos autoboicotearnos o no vemos aspectos que un tercero, objetivamente, podr\u00eda llegar a ver.<\/p>\n<p>Mi consejo?<\/p>\n<p>Animarnos a experimentar, probar no solo lo que nos entra por los ojos de las vidrieras, sino darle tambi\u00e9n una chance a otro tipo de prendas. Veremos que existen elementos y colores que nunca imaginamos usar, que nos quedan mejor de lo que cre\u00edamos, y que nos resultar\u00e1n muy confortables y adaptables a nuestro estilo de vida.<\/p>\n<p>De a poco, buscando im\u00e1genes y probando en las tiendas, iremos descubriendo ese estilo personal que ten\u00edamos escondido en alg\u00fan lugar, y por que no, ponernos en acci\u00f3n para cambiar lo necesario y potenciar nuestras virtudes para finalmente lucir tal cual lo so\u00f1amos.<\/p>\n<p>Que tengan un lindo fin de semana y una excelente semana laboral. Las espero la pr\u00f3xima semana.<\/p>\n<p>Flor.<\/p>\n","protected":false},"excerpt":{"rendered":"<p>Muchas veces, en mis talleres, cursos y asesor\u00edas, me plantean que no creen tener un estilo personal, y no hay nada m\u00e1s desacertado que eso, ya que todas tenemos un estilo personal, m\u00e1s desarrollado o menos, pero en alg\u00fan lugar est\u00e1, y hay que encontrarlo, reconocerlo y por supuesto potenciarlo o aggiornarlo para que sea [&hellip;]<\/p>\n","protected":false},"author":2,"featured_media":12065,"comment_status":"closed","ping_status":"closed","sticky":false,"template":"","format":"standard","meta":[],"categories":[59,1],"tags":[],"_links":{"self":[{"href":"https:\/\/flordiazimagen.com.ar\/v1\/wp-json\/wp\/v2\/posts\/13129"}],"collection":[{"href":"https:\/\/flordiazimagen.com.ar\/v1\/wp-json\/wp\/v2\/posts"}],"about":[{"href":"https:\/\/flordiazimagen.com.ar\/v1\/wp-json\/wp\/v2\/types\/post"}],"author":[{"embeddable":true,"href":"https:\/\/flordiazimagen.com.ar\/v1\/wp-json\/wp\/v2\/users\/2"}],"replies":[{"embeddable":true,"href":"https:\/\/flordiazimagen.com.ar\/v1\/wp-json\/wp\/v2\/comments?post=13129"}],"version-history":[{"count":2,"href":"https:\/\/flordiazimagen.com.ar\/v1\/wp-json\/wp\/v2\/posts\/13129\/revisions"}],"predecessor-version":[{"id":13132,"href":"https:\/\/flordiazimagen.com.ar\/v1\/wp-json\/wp\/v2\/posts\/13129\/revisions\/13132"}],"wp:featuredmedia":[{"embeddable":true,"href":"https:\/\/flordiazimagen.com.ar\/v1\/wp-json\/wp\/v2\/media\/12065"}],"wp:attachment":[{"href":"https:\/\/flordiazimagen.com.ar\/v1\/wp-json\/wp\/v2\/media?parent=13129"}],"wp:term":[{"taxonomy":"category","embeddable":true,"href":"https:\/\/flordiazimagen.com.ar\/v1\/wp-json\/wp\/v2\/categories?post=13129"},{"taxonomy":"post_tag","embeddable":true,"href":"https:\/\/flordiazimagen.com.ar\/v1\/wp-json\/wp\/v2\/tags?post=13129"}],"curies":[{"name":"wp","href":"https:\/\/api.w.org\/{rel}","templated":true}]}}